{"id":2010,"date":"2020-06-11T11:40:15","date_gmt":"2020-06-11T15:40:15","guid":{"rendered":"https:\/\/qprn.ca\/?p=2010"},"modified":"2026-04-16T11:50:45","modified_gmt":"2026-04-16T15:50:45","slug":"le-rqrd-reunit-16-chercheurs-quebecois-et-forme-le-consortium-quebecois-sur-la-douleur-au-dos","status":"publish","type":"post","link":"https:\/\/qprn.ca\/fr\/2020\/06\/11\/le-rqrd-reunit-16-chercheurs-quebecois-et-forme-le-consortium-quebecois-sur-la-douleur-au-dos\/","title":{"rendered":"Le RQRD r\u00e9unit 16 scientifiques qu\u00e9b\u00e9cois et forme le Consortium qu\u00e9b\u00e9cois sur la douleur au dos"},"content":{"rendered":"\n<p>La douleur lombaire (DL) est la premi\u00e8re cause d&rsquo;ann\u00e9es v\u00e9cues avec un handicap dans le monde. Les interventions th\u00e9rapeutiques actuelles sont souvent inad\u00e9quates ou associ\u00e9es \u00e0 des cons\u00e9quences ind\u00e9sirables.<\/p>\n\n\n\n<div style=\"height:20px\" aria-hidden=\"true\" class=\"wp-block-spacer\"><\/div>\n\n\n\n<h3 class=\"wp-block-heading\">notre objectif et notre structure<\/h3>\n\n\n\n<p>Une meilleure compr\u00e9hension des facteurs de risque associ\u00e9s \u00e0 la DL est n\u00e9cessaire pour am\u00e9liorer la qualit\u00e9 de vie des personnes souffrant de DL et emp\u00eacher d&rsquo;autres personnes de passer \u00e0 une DL persistante. C\u2019est pour cette raison que nous avons cr\u00e9\u00e9 le Consortium qu\u00e9b\u00e9cois sur la douleur au dos (<a rel=\"noreferrer noopener\" href=\"https:\/\/consortiumdouleuraudos.ca\/\" target=\"_blank\">Site internet<\/a>), une structure innovante \u00e0 deux niveaux pour \u00e9tudier la transition de la douleur lombaire aigu\u00eb \u00e0 la douleur lombaire persistante.<\/p>\n\n\n\n<p>Notre objectif est de mieux comprendre les facteurs de risque qui favorisent la transition d\u2019une DL ponctuelle \u00e0 une DL qui se maintient dans le temps. Pour le faire, nous avons d\u00e9velopp\u00e9 un questionnaire de recherche commun \u00e0 tous nos chercheurs (<a rel=\"noreferrer noopener\" href=\"https:\/\/www.cmajopen.ca\/content\/5\/1\/E237.abstract\" target=\"_blank\">Article publi\u00e9<\/a>) afin de pouvoir connecter tous nos r\u00e9sultats. Nos chercheurs sont entre autres physioth\u00e9rapeutes, psychologues et g\u00e9n\u00e9ticiens et nous avons la chance de collaborer avec le R\u00e9seau provincial de recherche en adaptation et r\u00e9adaptation (<a rel=\"noreferrer noopener\" href=\"https:\/\/repar.ca\/\" target=\"_blank\">REPAR<\/a>). <\/p>\n\n\n\n<p>Pour mener \u00e0 bien notre projet, nous avons \u00e9tabli une plateforme de recrutement permettant \u00e0 tous les participants de remplir notre questionnaire et \u00eatre impliqu\u00e9s dans diff\u00e9rents projets de recherche de notre \u00e9quipe (<a href=\"https:\/\/journals.lww.com\/painrpts\/Fulltext\/2020\/02000\/The_Quebec_Low_Back_Pain_Study__a_protocol_for_an.5.aspx\" target=\"_blank\" rel=\"noreferrer noopener\">Article publi\u00e9<\/a>) en rapport avec la douleur lombaire (voir illustration). Toutes les donn\u00e9es collect\u00e9es nous aideront \u00e0 mieux comprendre comment mieux prendre en charge la douleur lombaire dans la population qu\u00e9b\u00e9coise et ainsi d\u2019\u00e9viter que celle-ci devienne une douleur qui se maintient dans le temps.<\/p>\n\n\n\n<h3 class=\"wp-block-heading\">Nos Services<\/h3>\n\n\n\n<p>La cohorte d\u00e9velopp\u00e9e par le Consortium regroupe plus de 7 000 participantes et participants vivant avec de la douleur au dos. <a href=\"https:\/\/qprn.ca\/fr\/services-dimplementation-de-cohorte\" target=\"_blank\" rel=\"noreferrer noopener\">La plateforme met \u00e0 disposition diff\u00e9rents services<\/a>.<\/p>\n\n\n\n<figure class=\"wp-block-image size-large bnw\"><img loading=\"lazy\" decoding=\"async\" width=\"1400\" height=\"724\" src=\"https:\/\/qprn.ca\/wp-content\/uploads\/2020\/06\/Publication_Douleur-lombaire2_FR-1400x724.png\" alt=\"\" class=\"wp-image-2011\" title=\"\" srcset=\"https:\/\/qprn.ca\/wp-content\/uploads\/2020\/06\/Publication_Douleur-lombaire2_FR-1400x724.png 1400w, https:\/\/qprn.ca\/wp-content\/uploads\/2020\/06\/Publication_Douleur-lombaire2_FR-768x397.png 768w, https:\/\/qprn.ca\/wp-content\/uploads\/2020\/06\/Publication_Douleur-lombaire2_FR-1536x795.png 1536w, https:\/\/qprn.ca\/wp-content\/uploads\/2020\/06\/Publication_Douleur-lombaire2_FR-2048x1060.png 2048w\" sizes=\"auto, (max-width: 1400px) 100vw, 1400px\" \/><figcaption class=\"wp-element-caption\">Sch\u00e9matisation du projet et des th\u00e8mes de recherche associ\u00e9s.<\/figcaption><\/figure>\n\n\n\n<div style=\"height:20px\" aria-hidden=\"true\" class=\"wp-block-spacer\"><\/div>\n\n\n\n<h3 class=\"wp-block-heading\"><strong>notre \u00e9quipe<\/strong><\/h3>\n\n\n\n<p>Une toute nouvelle \u00e9quipe directrice est \u00e0 la t\u00eate du consortium et elle est constitu\u00e9e de Jean-S\u00e9bastien Roy, Hugo Mass\u00e9-Alarie et Carolina B. Meloto. Plusieurs nouveaux membres et repr\u00e9sentants \u00e9tudiants ont \u00e9galement joint l\u2019\u00e9quipe multidisciplinaire aux cours de la derni\u00e8re ann\u00e9e. Laurent Dupuis enrichit notre travail en partageant avec nous son exp\u00e9rience v\u00e9cue de la douleur. En termes de recrutement, l\u2019infrastructure mise en place depuis novembre 2018 a permis de recruter plus de 6 600 participants et le recrutement n\u2019a pas souffert de la pand\u00e9mie au cours de l\u2019ann\u00e9e 2020.<\/p>\n\n\n\n<div style=\"height:20px\" aria-hidden=\"true\" class=\"wp-block-spacer\"><\/div>\n\n\n\n<h3 class=\"wp-block-heading\"><strong>NOTRE INFOLETTRE<\/strong><\/h3>\n\n\n\n<p>Notre <a href=\"https:\/\/us4.campaign-archive.com\/home\/?u=519edf72adce27b423e2902ac&amp;id=be00699839\" target=\"_blank\" rel=\"noreferrer noopener\">infolettre trimestrielle<\/a> est destin\u00e9e aux personnes participant \u00e0 l\u2019\u00e9tude. Celle-ci d\u00e9crit les avanc\u00e9es de l\u2019\u00e9tude et partage des informations utiles.<\/p>\n\n\n\n<div style=\"height:20px\" aria-hidden=\"true\" class=\"wp-block-spacer\"><\/div>\n\n\n\n<h3 class=\"wp-block-heading\"><strong>NOS WEBINAIRES<\/strong><\/h3>\n\n\n\n<p>Nos webinaire donnent un aper\u00e7u de nos r\u00e9sultats les plus r\u00e9cents.<br><strong>Jean-S\u00e9bastien Roy<\/strong> pr\u00e9sente le consortium aux diners-causeries (<a href=\"https:\/\/youtu.be\/aYu63L1hBEU\" target=\"_blank\" rel=\"noreferrer noopener\">Vid\u00e9o<\/a>)<br><strong>Jean-S\u00e9bastien Roy <\/strong>pr\u00e9sente le consortium \u00e0 Guylaine Tanguay (<a href=\"https:\/\/www.youtube.com\/watch?v=zyRoWkIlQk0\" target=\"_blank\" rel=\"noreferrer noopener\">Vid\u00e9o<\/a>)<br><strong>Laura Stone<\/strong>, ancienne directrice du consortium, pr\u00e9sente le r\u00f4le de l\u2019\u00e9pig\u00e9n\u00e9tique dans la douleur dans ce webinaire donn\u00e9 \u00e0 l\u2019Institut national de la sant\u00e9 (<a href=\"https:\/\/www.youtube.com\/watch?v=XkJFcxyVdGM&amp;t=2s\" target=\"_blank\" rel=\"noreferrer noopener\">Vid\u00e9o<\/a>).<br><strong>Gabrielle Pag\u00e9<\/strong> pr\u00e9sente la mise en place d\u2019un nouveau projet satellite pour \u00e9tudier l\u2019impact du stress li\u00e9 \u00e0 la COVID-19 sur la lombalgie chronique (<a href=\"https:\/\/www.youtube.com\/watch?v=ib87hQ1Ymrk&amp;t=129s\" target=\"_blank\" rel=\"noreferrer noopener\">Vid\u00e9o<\/a>).  <br><strong>Vid\u00e9o anniversaire <\/strong>des 10 ans du consortium (<a href=\"https:\/\/www.youtube.com\/watch?v=tTLBlYCbyvk&amp;t=14s\" target=\"_blank\" rel=\"noreferrer noopener\">Vid\u00e9o<\/a>)<br><strong>Mathieu Roy<\/strong> pr\u00e9sente son implication dans le consortium (<a href=\"https:\/\/youtu.be\/a3avu1QcCjk\" target=\"_blank\" rel=\"noreferrer noopener\">Vid\u00e9o<\/a>)<br><strong>Carolina Meloto <\/strong>pr\u00e9sente le consortium (<a href=\"https:\/\/www.youtube.com\/watch?v=J5ARqqk3QFs\" target=\"_blank\" rel=\"noreferrer noopener\">Vid\u00e9o<\/a>)<br><strong>Carolina Meloto <\/strong>pr\u00e9sente la Biobanque qu\u00e9b\u00e9soise de la douleur lombaire, un projet satellite du consortium (<a href=\"https:\/\/www.youtube.com\/watch?v=2vEvSmzYPUc&amp;t=16s\" target=\"_blank\" rel=\"noreferrer noopener\">Vid\u00e9o<\/a>)<\/p>\n\n\n\n<div style=\"height:20px\" aria-hidden=\"true\" class=\"wp-block-spacer\"><\/div>\n\n\n\n<h3 class=\"wp-block-heading\"><strong>NOs publications et RAPPORTs DE PROGRESSION<\/strong><\/h3>\n\n\n\n<p>Plusieurs articles ont \u00e9t\u00e9 publi\u00e9s par les membres du consortium :<br><\/p>\n\n\n\n<p><strong>Karen Ghoussoub et al<\/strong>. <a href=\"https:\/\/pmc.ncbi.nlm.nih.gov\/articles\/PMC12936249\/\" target=\"_blank\" rel=\"noreferrer noopener\">Stress Characteristics and Their Associations With Pain Intensity: An Ecological Momentary Assessment Study<\/a>.<br>European Journal of Pain, <strong>mars 2026<\/strong><\/p>\n\n\n\n<p><strong>Rachael Osagie et al<\/strong>. <a href=\"https:\/\/journals.lww.com\/pain\/fulltext\/2025\/11000\/impact_of_different_acute_low_back_pain.38.aspx\" rel=\"noopener\">Impact of different acute low back pain definitions on the predictors and on the risk of transition to chronic low back pain: a prospective longitudinal cohort study<\/a>. (Vulgarisation sous forme d&rsquo;infographie <a href=\"https:\/\/qprn.ca\/fr\/2026\/02\/03\/douleur-au-bas-du-dos-mieux-definir-pour-mieux-prevenir\/\" target=\"_blank\" rel=\"noreferrer noopener\">accessible ici<\/a>) <br>Pain Journal, <strong>novembre 2025<\/strong><\/p>\n\n\n\n<p><strong>Adriana Angarita-Fonseca et al<\/strong>. <a href=\"https:\/\/journals.lww.com\/painrpts\/fulltext\/2024\/08000\/trajectories_of_pain_and_depressive_symptoms_among.3.aspx\" target=\"_blank\" rel=\"noreferrer noopener\">Trajectories of pain and depressive symptoms among people living with low back pain during the COVID-19 pandemic: a 24-month longitudinal study<\/a>. (Vulgarisation sous forme d&rsquo;infographie <a href=\"https:\/\/qprn.ca\/fr\/2025\/10\/16\/douleur-persistante-au-bas-du-dos-evolution-de-la-douleur-et-des-symptomes-depressifs-pendant-la-covid-19\/\" target=\"_blank\" rel=\"noreferrer noopener\">accessible ici<\/a>)                                                                                PAIN Reports, <strong>ao\u00fbt 2024<\/strong> <\/p>\n\n\n\n<p><strong>Adriana Angarita-Fonseca et al<\/strong>. <a href=\"https:\/\/journals.lww.com\/pain\/Fulltext\/2023\/02000\/The_Canadian_version_of_the_National_Institutes_of.15.aspx\" target=\"_blank\" rel=\"noreferrer noopener\">The Canadian version of the National Institutes of Health minimum dataset for chronic low back pain research : reference values from the Quebec Low Back Pain Study<\/a>.<br>Pain Journal, <strong>f\u00e9vrier 2023<\/strong> (Vulgarisation sous forme d&rsquo;infographie <a href=\"https:\/\/qprn.ca\/fr\/2026\/04\/09\/douleur-au-bas-du-dos-des-reperes-pour-le-quebec\/\" target=\"_blank\" rel=\"noreferrer noopener\">accessible ici<\/a>) <\/p>\n\n\n\n<p><strong>Hugo Mass\u00e9-Alarie et al<\/strong>. <a href=\"https:\/\/journals.lww.com\/painrpts\/Fulltext\/2022\/04000\/Low_back_pain_definitions__effect_on_patient.11.aspx\" target=\"_blank\" rel=\"noreferrer noopener\">Low Back Pain definitions : effect on patient inclusion and clinical profiles<\/a> (Vulgarisation sous forme d&rsquo;infographie <a href=\"https:\/\/qprn.ca\/fr\/2025\/06\/23\/douleur-au-bas-du-dos-enjeux-de-lutilisation-de-definitions-differentes\/\" target=\"_blank\" rel=\"noreferrer noopener\">accessible ici<\/a>) <br>PAIN Reports, <strong>mars 2022<\/strong><\/p>\n\n\n\n<p><strong>Kristina Amja et al<\/strong>. <a href=\"https:\/\/pubmed.ncbi.nlm.nih.gov\/34137325\/\" target=\"_blank\" rel=\"noreferrer noopener\">The Experience of People Living With Chronic Pain During a Pandemic : \u201cCrumbling Dreams With Uncertain Futures<\/a><br>Qualitative Health Research, <strong>juin 2021<\/strong><\/p>\n\n\n\n<p><strong>Gabrielle Pag\u00e9 et al<\/strong>. <a href=\"https:\/\/journals.lww.com\/painrpts\/Fulltext\/2020\/02000\/The_Quebec_Low_Back_Pain_Study__a_protocol_for_an.5.aspx\" target=\"_blank\" rel=\"noreferrer noopener\">The Quebec Low Back Pain Study: a protocol for an innovative 2-tier provincial cohort<\/a><br>PAIN Reports, <strong>janvier 2020<\/strong><\/p>\n\n\n\n<p><strong>Ana\u00efs Lacasse et al<\/strong>. <a href=\"https:\/\/pubmed.ncbi.nlm.nih.gov\/28401140\/\" target=\"_blank\" rel=\"noreferrer noopener\">The Canadian minimum dataset for chronic low back pain research: a cross-cultural adaptation of the National Institutes of Health Task Force Research Standards<br><\/a>CMAJ Open, <strong>mars 2017<\/strong><br><\/p>\n\n\n\n<p>Pour en savoir plus sur nos avanc\u00e9es, vous pouvez consulter nos rapports de progression <a href=\"https:\/\/kdrive.infomaniak.com\/app\/share\/1927187\/ec2824a1-14d9-47da-b744-e94d79dcb4fb\" target=\"_blank\" rel=\"noreferrer noopener\">2020-2021<\/a> et <a href=\"https:\/\/mcusercontent.com\/16e784389f908f507fed60a6b\/files\/ab8845b7-677d-bce9-d281-98a9e671c181\/Rapport_de_progression_2022_compressed.pdf\" target=\"_blank\" rel=\"noreferrer noopener\">2021-2022<\/a>, destin\u00e9 \u00e0 nos partenaire afin de pr\u00e9senter les avanc\u00e9es majeures du projet.<\/p>\n\n\n\n<div style=\"height:20px\" aria-hidden=\"true\" class=\"wp-block-spacer\"><\/div>\n\n\n\n<h3 class=\"wp-block-heading\"><strong>Communiqu\u00e9<\/strong> <strong>de presse<\/strong><\/h3>\n\n\n\n<p>Communiqu\u00e9 de presse<\/p>\n\n\n\n<div style=\"height:20px\" aria-hidden=\"true\" class=\"wp-block-spacer\"><\/div>\n\n\n\n<p>N\u2019h\u00e9sitez pas \u00e0 <a href=\"https:\/\/qprn.ca\/fr\/nous-joindre\/\">communiquer avec nous<\/a> pour conna\u00eetre nos services. <\/p>\n\n\n\n<p class=\"read-more\"><a href=\"https:\/\/consortiumdouleuraudos.ca\/\" target=\"_blank\" rel=\"noreferrer noopener\">En savoir plus<\/a><\/p>\n","protected":false},"excerpt":{"rendered":"<p>La douleur lombaire (DL) est la premi\u00e8re cause d&rsquo;ann\u00e9es v\u00e9cues avec un handicap dans le&#8230;<\/p>\n","protected":false},"author":2,"featured_media":2138,"comment_status":"closed","ping_status":"closed","sticky":false,"template":"","format":"standard","meta":{"_acf_changed":false,"footnotes":""},"categories":[31],"tags":[30],"class_list":["post-2010","post","type-post","status-publish","format-standard","has-post-thumbnail","hentry","category-nouvelles-de-nos-chercheurs","tag-articles"],"acf":[],"views":1971,"_links":{"self":[{"href":"https:\/\/qprn.ca\/fr\/wp-json\/wp\/v2\/posts\/2010","targetHints":{"allow":["GET"]}}],"collection":[{"href":"https:\/\/qprn.ca\/fr\/wp-json\/wp\/v2\/posts"}],"about":[{"href":"https:\/\/qprn.ca\/fr\/wp-json\/wp\/v2\/types\/post"}],"author":[{"embeddable":true,"href":"https:\/\/qprn.ca\/fr\/wp-json\/wp\/v2\/users\/2"}],"replies":[{"embeddable":true,"href":"https:\/\/qprn.ca\/fr\/wp-json\/wp\/v2\/comments?post=2010"}],"version-history":[{"count":4,"href":"https:\/\/qprn.ca\/fr\/wp-json\/wp\/v2\/posts\/2010\/revisions"}],"predecessor-version":[{"id":21145,"href":"https:\/\/qprn.ca\/fr\/wp-json\/wp\/v2\/posts\/2010\/revisions\/21145"}],"wp:featuredmedia":[{"embeddable":true,"href":"https:\/\/qprn.ca\/fr\/wp-json\/wp\/v2\/media\/2138"}],"wp:attachment":[{"href":"https:\/\/qprn.ca\/fr\/wp-json\/wp\/v2\/media?parent=2010"}],"wp:term":[{"taxonomy":"category","embeddable":true,"href":"https:\/\/qprn.ca\/fr\/wp-json\/wp\/v2\/categories?post=2010"},{"taxonomy":"post_tag","embeddable":true,"href":"https:\/\/qprn.ca\/fr\/wp-json\/wp\/v2\/tags?post=2010"}],"curies":[{"name":"wp","href":"https:\/\/api.w.org\/{rel}","templated":true}]}}