{"id":19237,"date":"2021-09-23T16:28:00","date_gmt":"2021-09-23T20:28:00","guid":{"rendered":"https:\/\/qprn.ca\/?p=19237"},"modified":"2026-04-16T11:48:12","modified_gmt":"2026-04-16T15:48:12","slug":"portail-de-gestion-de-la-douleur-2","status":"publish","type":"post","link":"https:\/\/qprn.ca\/fr\/2021\/09\/23\/portail-de-gestion-de-la-douleur-2\/","title":{"rendered":"Portail de gestion de la douleur"},"content":{"rendered":"\n<p>Le portail <a href=\"https:\/\/gerermadouleur.ca\" target=\"_blank\" rel=\"noreferrer noopener\"><strong>gerermadouleur.ca<\/strong><\/a> a \u00e9t\u00e9 lanc\u00e9 en Mars 2021 dans le cadre du deuxi\u00e8me colloque provincial sur la douleur chronique, qui regroupe autour de 600 professionnel.le.s du monde la sant\u00e9. Le R\u00e9seau qu\u00e9b\u00e9cois de recherche sur la douleur en partenariat avec la <a href=\"https:\/\/www.ulaval.ca\/etudes\/chaires-de-leadership-en-enseignement\/chaire-de-leadership-en-enseignement-sur-la-douleur-chronique\" target=\"_blank\" rel=\"noreferrer noopener\">Chaire de leadership en enseignement sur la douleur chronique-MEDISCA de l&rsquo;Universit\u00e9 Laval<\/a>, l&rsquo;<a href=\"https:\/\/www.ulaval.ca\/etudes\/chaires-de-leadership-en-enseignement\/chaire-de-leadership-en-enseignement-sur-la-douleur-chronique\" target=\"_blank\" rel=\"noreferrer noopener\">Universit\u00e9 TELUQ<\/a>, l&rsquo;<a href=\"https:\/\/douleurquebec.ca\/en\/\" target=\"_blank\" rel=\"noreferrer noopener\">Association qu\u00e9b\u00e9coise de la douleur chronique<\/a> et les patient.e.s partenaires, sont fier.e.s de vous pr\u00e9senter ce portail d&rsquo;aide \u00e0 la gestion de la douleur.<\/p>\n\n\n\n<figure class=\"wp-block-image size-large\"><img loading=\"lazy\" decoding=\"async\" width=\"1400\" height=\"788\" src=\"https:\/\/qprn.ca\/wp-content\/uploads\/2021\/05\/Gerer-ma-douleur-2-1400x788.png\" alt=\"\" class=\"wp-image-5996\" title=\"\" srcset=\"https:\/\/qprn.ca\/wp-content\/uploads\/2021\/05\/Gerer-ma-douleur-2-1400x788.png 1400w, https:\/\/qprn.ca\/wp-content\/uploads\/2021\/05\/Gerer-ma-douleur-2-768x432.png 768w, https:\/\/qprn.ca\/wp-content\/uploads\/2021\/05\/Gerer-ma-douleur-2-1536x864.png 1536w, https:\/\/qprn.ca\/wp-content\/uploads\/2021\/05\/Gerer-ma-douleur-2-2048x1152.png 2048w\" sizes=\"auto, (max-width: 1400px) 100vw, 1400px\" \/><\/figure>\n\n\n\n<p><strong>Le portail est unique au Qu\u00e9bec et pr\u00e9sente les informations dont les patient.e.s ont besoin pour apprendre \u00e0 autog\u00e9rer leur douleur<\/strong>. Pour le moment plus de 160 ressources sont organis\u00e9es en 10 cat\u00e9gories. Le portail int\u00e8gre un outil qui permettra aux utilisateurs et utilisatrices de sugg\u00e9rer l&rsquo;ajout d&rsquo;une ressource. Les nouvelles ressources sont examin\u00e9es par des professionnel.le.s avant d&rsquo;\u00eatre accept\u00e9es ou laiss\u00e9es de c\u00f4t\u00e9.<\/p>\n\n\n\n<p>Le site sera bient\u00f4t accessible en anglais au cours des prochains mois. Les utilisateurs et utilisatrices auront aussi la possibilit\u00e9 de se cr\u00e9er une biblioth\u00e8que personnalis\u00e9e de contenus qui sont plus pertinents \u00e0 leur situation. Des programmes d&rsquo;autogestion de la douleur seront \u00e9ventuellement propos\u00e9s, ainsi que des volets destin\u00e9s aux professionnel le.s de la sant\u00e9.<\/p>\n\n\n\n<p>Retrouvez les articles de presse \u00e0 propos du portail dans <a href=\"https:\/\/www.lesoleil.com\/actualite\/sante\/nouveau-portail-pour-aider-les-patients-a-combattre-la-douleur-chronique-b20ce3a346da3b451c873ed9651c220e\" target=\"_blank\" rel=\"noreferrer noopener\">Le soleil<\/a>, <a href=\"https:\/\/www.latribune.ca\/actualites\/gerer-la-douleur-un-jour-a-la-fois-f00c6228216b22ba6ca385f9f7261f6b\" target=\"_blank\" rel=\"noreferrer noopener\">La Tribune<\/a>,<a href=\"https:\/\/ici.radio-canada.ca\/premiere\/emissions\/cest-jamais-pareil\/segments\/entrevue\/349441\/chronique-pinard-universite-laval-gerermadouleur\" target=\"_blank\" rel=\"noreferrer noopener\"> Ici Premi\u00e8re<\/a> et <a href=\"https:\/\/ici.radio-canada.ca\/ohdio\/premiere\/emissions\/Par-ici-l-info\/segments\/entrevue\/349146\/douleur-chronique-portail-web-traitements-ulaval\" target=\"_blank\" rel=\"noreferrer noopener\">Radio Canada<\/a>.<\/p>\n","protected":false},"excerpt":{"rendered":"<p>Le portail gerermadouleur.ca a \u00e9t\u00e9 lanc\u00e9 en Mars 2021 dans le cadre du deuxi\u00e8me colloque&#8230;<\/p>\n","protected":false},"author":3,"featured_media":19240,"comment_status":"closed","ping_status":"closed","sticky":false,"template":"","format":"standard","meta":{"_acf_changed":false,"footnotes":""},"categories":[1],"tags":[],"class_list":["post-19237","post","type-post","status-publish","format-standard","has-post-thumbnail","hentry","category-publications-vulgarisees"],"acf":[],"views":269,"_links":{"self":[{"href":"https:\/\/qprn.ca\/fr\/wp-json\/wp\/v2\/posts\/19237","targetHints":{"allow":["GET"]}}],"collection":[{"href":"https:\/\/qprn.ca\/fr\/wp-json\/wp\/v2\/posts"}],"about":[{"href":"https:\/\/qprn.ca\/fr\/wp-json\/wp\/v2\/types\/post"}],"author":[{"embeddable":true,"href":"https:\/\/qprn.ca\/fr\/wp-json\/wp\/v2\/users\/3"}],"replies":[{"embeddable":true,"href":"https:\/\/qprn.ca\/fr\/wp-json\/wp\/v2\/comments?post=19237"}],"version-history":[{"count":1,"href":"https:\/\/qprn.ca\/fr\/wp-json\/wp\/v2\/posts\/19237\/revisions"}],"predecessor-version":[{"id":21140,"href":"https:\/\/qprn.ca\/fr\/wp-json\/wp\/v2\/posts\/19237\/revisions\/21140"}],"wp:featuredmedia":[{"embeddable":true,"href":"https:\/\/qprn.ca\/fr\/wp-json\/wp\/v2\/media\/19240"}],"wp:attachment":[{"href":"https:\/\/qprn.ca\/fr\/wp-json\/wp\/v2\/media?parent=19237"}],"wp:term":[{"taxonomy":"category","embeddable":true,"href":"https:\/\/qprn.ca\/fr\/wp-json\/wp\/v2\/categories?post=19237"},{"taxonomy":"post_tag","embeddable":true,"href":"https:\/\/qprn.ca\/fr\/wp-json\/wp\/v2\/tags?post=19237"}],"curies":[{"name":"wp","href":"https:\/\/api.w.org\/{rel}","templated":true}]}}