{"id":18105,"date":"2025-05-16T02:47:23","date_gmt":"2025-05-16T06:47:23","guid":{"rendered":"https:\/\/qprn.ca\/?p=18105"},"modified":"2025-12-09T15:06:21","modified_gmt":"2025-12-09T20:06:21","slug":"consortium-quebecois-sur-le-continuum-et-les-trajectoires-de-soins-en-douleur","status":"publish","type":"post","link":"https:\/\/qprn.ca\/fr\/2025\/05\/16\/consortium-quebecois-sur-le-continuum-et-les-trajectoires-de-soins-en-douleur\/","title":{"rendered":"Consortium qu\u00e9b\u00e9cois sur le continuum et les trajectoires de soins en douleur"},"content":{"rendered":"\n<h2 class=\"wp-block-heading\">Objectif<\/h2>\n\n\n\n<p>Les objectifs de ce Consortium multidisciplinaire sont d\u2019\u00e9tudier la navigation des personnes vivant avec la douleur chronique dans le syst\u00e8me de la sant\u00e9, catalyser des trajectoires de soins favorables gr\u00e2ce aux avanc\u00e9es de la recherche et favoriser l\u2019autogestion de la douleur persistante dans la communaut\u00e9. Afin de favoriser un continuum et des trajectoires de soins de haute valeur ajout\u00e9e centr\u00e9s sur les besoins, ce Consortium a pour premier objectif de d\u00e9velopper des outils de mobilisation de connaissances bas\u00e9s sur des donn\u00e9es probantes. Le second objectif est de favoriser l\u2019offre de services \u00e9quitables en temps opportun et l\u2019efficience pour atteindre de meilleurs r\u00e9sultats aupr\u00e8s des personnes.<\/p>\n\n\n\n<div style=\"height:20px\" aria-hidden=\"true\" class=\"wp-block-spacer\"><\/div>\n\n\n\n<h2 class=\"wp-block-heading\">GOUVERNANCE<\/h2>\n\n\n\n<p>La gouvernance des consortiums se fait \u00e0 trois niveaux :<\/p>\n\n\n\n<p><strong>i. Les responsables du consortium<\/strong> : <a href=\"https:\/\/qprn.ca\/fr\/investigator\/gabrielle-page\/\" data-type=\"investigator\" data-id=\"1155\">Gabrielle Pag\u00e9<\/a>, chercheuse \u00e0 l\u2019Universit\u00e9 de Montr\u00e9al, <a href=\"https:\/\/qprn.ca\/fr\/investigator\/marc-andre-blanchette\/\" data-type=\"investigator\" data-id=\"5821\">Marc-Andr\u00e9 Blanchette<\/a>, chercheur \u00e0 l\u2019Universit\u00e9 du Qu\u00e9bec \u00e0 Trois-Rivi\u00e8res, <a href=\"https:\/\/qprn.ca\/fr\/investigator\/lesley-singer\/\" data-type=\"investigator\" data-id=\"12281\">Lesley Norris-Singer<\/a>, patiente partenaire. Les responsables du consortium sont soutenus par le comit\u00e9 scientifique du RQRD.<\/p>\n\n\n\n<p><strong>ii. Le comit\u00e9 scientifique du RQRD<\/strong><\/p>\n\n\n\n<p><strong>iii. Le grand groupe<\/strong> est compos\u00e9 de personnes repr\u00e9sentantes de la rel\u00e8ve \u00e9tudiante, des personnes issues des milieux de la recherche et de la clinique ainsi que de toute autre personne ayant une expertise pertinente pour ces travaux. Toute personne ayant un int\u00e9r\u00eat dans le domaine de la douleur est encourag\u00e9e \u00e0 participer aux rencontres et activit\u00e9s du consortium. Il est \u00e9galement possible de participer \u00e0 plus d&rsquo;un consortium. Les repr\u00e9sentantes de la communaut\u00e9 \u00e9tudiante sont Andr\u00e9anne Bernier\u00a0et\u00a0Genevi\u00e8ve Laporte.<\/p>\n\n\n\n<div style=\"height:20px\" aria-hidden=\"true\" class=\"wp-block-spacer\"><\/div>\n\n\n\n<h2 class=\"wp-block-heading\">Avanc\u00e9es<\/h2>\n\n\n\n<ul class=\"wp-block-list\">\n<li><strong>19 janvier 2024<\/strong>, Mont Sainte-Anne. Lancement du nouveau consortium et activit\u00e9 de concertation en grand groupe qui a men\u00e9 au financement du premier projet d\u2019\u00e9quipe. Ce projet porte sur actions \u00e0 poser pour aider les personnes vivant avec de la douleur \u00e0 naviguer dans le syst\u00e8me de sant\u00e9.<\/li>\n\n\n\n<li><strong>8 juillet 2024<\/strong>. Appel \u00e0 la pr\u00e9sentation des opportunit\u00e9s de projets de recherche. Cet appel a permis de financer deux projets portant respectivement sur l\u2019utilisation de l\u2019intelligence artificielle pour accompagner les professionnels de la sant\u00e9 et la cartographie des programmes d\u2019\u00e9ducation et autogestion de la douleur au Qu\u00e9bec.<\/li>\n\n\n\n<li><strong>31 octobre 2024<\/strong>, Centre hospitalier de l\u2019Universit\u00e9 de Montr\u00e9al (CHUM), Montr\u00e9al. Le RQRD a organis\u00e9 les premi\u00e8res rencontres en personne pour l&rsquo;animation de ses consortiums. Nous avons pu nous pencher davantage sur l\u2019enjeu de la communication entre les diff\u00e9rentes personnes impliqu\u00e9es dans la prise en charge de la douleur.<\/li>\n\n\n\n<li><strong>14 novembre 2025<\/strong>, Universit\u00e9 de Qu\u00e9bec \u00e0 Trois-Rivi\u00e8res, campus de Drummondville. Rencontre de grand groupe anim\u00e9 par l&rsquo;\u00e9quipe En Mode Solution.<\/li>\n<\/ul>\n\n\n\n<div style=\"height:20px\" aria-hidden=\"true\" class=\"wp-block-spacer\"><\/div>\n\n\n\n<h2 class=\"wp-block-heading\">Projets<\/h2>\n\n\n\n<ul class=\"wp-block-list\">\n<li><strong>Aborder les actions \u00e0 poser pour aider les personnes vivant avec de la douleur \u00e0 naviguer dans le syst\u00e8me de sant\u00e9<\/strong> (Yannick Tousignant-Laflamme, Kadija Perreault, Christian Bertrand, Marc-Andr\u00e9 Blanchette, Philippe De Grandpr\u00e9, Fran\u00e7ois Desmeules, Ana\u00efs Lacasse, Gabrielle Pag\u00e9, Michel Perreault, Lesley Singer, Mark Ware)<\/li>\n\n\n\n<li><strong>Usability, benefits and risks of large language models (LLMs) in assistance for healthcare practitioners managing low back pain \u2013 ULTRa<\/strong> (Antoine Fourr\u00e9, Guillaume L\u00e9onard, Luc H\u00e9bert, Anne-Marie Pinard, Ana\u00efs Lacasse, Marc-Andr\u00e9 Blanchette)<\/li>\n\n\n\n<li><strong>Cartographie des programmes d\u2019\u00e9ducation et d\u2019autogestion dans les cliniques de douleur et les centres de r\u00e9adaptation au Qu\u00e9bec<\/strong> (Anne Marie Pinard, Yannick Tousignant-Laflamme, Pascale Marier-Desch\u00eanes, Philippe De Grandpr\u00e9, Mark A. Ware, Christina Gentile)<\/li>\n<\/ul>\n\n\n\n<div style=\"height:20px\" aria-hidden=\"true\" class=\"wp-block-spacer\"><\/div>\n\n\n\n<h2 class=\"wp-block-heading\">Mobilisation de connaissances<\/h2>\n\n\n\n<p>\u2022 Retraite annuelle 2025 : Mise \u00e0 jour des avanc\u00e9es de l\u2019ann\u00e9e en cours et pr\u00e9sentation des d\u00e9fis et opportunit\u00e9s rencontr\u00e9s<br>\u2022 <a href=\"https:\/\/qprn.ca\/fr\/2020\/12\/18\/linfolettre-du-rqrd\/\" target=\"_blank\" rel=\"noreferrer noopener\">Infolettre semestrielle 2025<\/a> : Description des grandes avanc\u00e9es des consortiums.<\/p>\n\n\n\n<div style=\"height:20px\" aria-hidden=\"true\" class=\"wp-block-spacer\"><\/div>\n\n\n\n<h2 class=\"wp-block-heading\">Publications<\/h2>\n\n\n\n<p>D\u00e9tails \u00e0 venir<\/p>\n\n\n\n<div style=\"height:20px\" aria-hidden=\"true\" class=\"wp-block-spacer\"><\/div>\n\n\n\n<h2 class=\"wp-block-heading\">Partenaires<\/h2>\n\n\n\n<p>Nous remercions le Minist\u00e8re de la Sant\u00e9 et des services sociaux pour leur soutien leur collaboration.<\/p>\n\n\n\n<figure class=\"wp-block-image size-full is-resized\"><img loading=\"lazy\" decoding=\"async\" width=\"951\" height=\"277\" src=\"https:\/\/qprn.ca\/wp-content\/uploads\/2025\/05\/Image7.png\" alt=\"\" class=\"wp-image-18108\" style=\"width:216px;height:auto\" title=\"\" srcset=\"https:\/\/qprn.ca\/wp-content\/uploads\/2025\/05\/Image7.png 951w, https:\/\/qprn.ca\/wp-content\/uploads\/2025\/05\/Image7-768x224.png 768w\" sizes=\"auto, (max-width: 951px) 100vw, 951px\" \/><\/figure>\n\n\n\n<div style=\"height:20px\" aria-hidden=\"true\" class=\"wp-block-spacer\"><\/div>\n\n\n\n<h2 class=\"wp-block-heading\">Photos<\/h2>\n\n\n\n<div class=\"wp-block-columns is-layout-flex wp-container-core-columns-is-layout-9d6595d7 wp-block-columns-is-layout-flex\">\n<div class=\"wp-block-column is-layout-flow wp-block-column-is-layout-flow\">\n<figure class=\"wp-block-image size-full\"><img loading=\"lazy\" decoding=\"async\" width=\"357\" height=\"267\" src=\"https:\/\/qprn.ca\/wp-content\/uploads\/2025\/05\/Image8.jpg\" alt=\"\" class=\"wp-image-18110\" title=\"\"><figcaption class=\"wp-element-caption\">Centre hospitalier de l\u2019Universit\u00e9 de Montr\u00e9al (CHUM), 31 octobre 2024<\/figcaption><\/figure>\n<\/div>\n\n\n\n<div class=\"wp-block-column is-layout-flow wp-block-column-is-layout-flow\">\n<figure class=\"wp-block-image size-full\"><img loading=\"lazy\" decoding=\"async\" width=\"354\" height=\"266\" src=\"https:\/\/qprn.ca\/wp-content\/uploads\/2025\/05\/Image9.jpg\" alt=\"\" class=\"wp-image-18112\" title=\"\"><figcaption class=\"wp-element-caption\">Centre hospitalier de l\u2019Universit\u00e9 de Montr\u00e9al (CHUM), 31 octobre 2024<\/figcaption><\/figure>\n<\/div>\n\n\n\n<div class=\"wp-block-column is-layout-flow wp-block-column-is-layout-flow\">\n<figure class=\"wp-block-image size-large\"><img loading=\"lazy\" decoding=\"async\" width=\"1246\" height=\"934\" src=\"https:\/\/qprn.ca\/wp-content\/uploads\/2025\/05\/Image10-1246x934.jpg\" alt=\"\" class=\"wp-image-18114\" title=\"\" srcset=\"https:\/\/qprn.ca\/wp-content\/uploads\/2025\/05\/Image10-1246x934.jpg 1246w, https:\/\/qprn.ca\/wp-content\/uploads\/2025\/05\/Image10-768x576.jpg 768w, https:\/\/qprn.ca\/wp-content\/uploads\/2025\/05\/Image10.jpg 1362w\" sizes=\"auto, (max-width: 1246px) 100vw, 1246px\" \/><figcaption class=\"wp-element-caption\">Retraite annuelle 2025 du RQRD<\/figcaption><\/figure>\n<\/div>\n<\/div>\n","protected":false},"excerpt":{"rendered":"<p>Objectif Les objectifs de ce Consortium multidisciplinaire sont d\u2019\u00e9tudier la navigation des personnes vivant avec&#8230;<\/p>\n","protected":false},"author":3,"featured_media":18106,"comment_status":"closed","ping_status":"closed","sticky":false,"template":"","format":"standard","meta":{"_acf_changed":false,"footnotes":""},"categories":[32],"tags":[30],"class_list":["post-18105","post","type-post","status-publish","format-standard","has-post-thumbnail","hentry","category-avancees-scientifiques","tag-articles"],"acf":[],"views":826,"_links":{"self":[{"href":"https:\/\/qprn.ca\/fr\/wp-json\/wp\/v2\/posts\/18105","targetHints":{"allow":["GET"]}}],"collection":[{"href":"https:\/\/qprn.ca\/fr\/wp-json\/wp\/v2\/posts"}],"about":[{"href":"https:\/\/qprn.ca\/fr\/wp-json\/wp\/v2\/types\/post"}],"author":[{"embeddable":true,"href":"https:\/\/qprn.ca\/fr\/wp-json\/wp\/v2\/users\/3"}],"replies":[{"embeddable":true,"href":"https:\/\/qprn.ca\/fr\/wp-json\/wp\/v2\/comments?post=18105"}],"version-history":[{"count":0,"href":"https:\/\/qprn.ca\/fr\/wp-json\/wp\/v2\/posts\/18105\/revisions"}],"wp:featuredmedia":[{"embeddable":true,"href":"https:\/\/qprn.ca\/fr\/wp-json\/wp\/v2\/media\/18106"}],"wp:attachment":[{"href":"https:\/\/qprn.ca\/fr\/wp-json\/wp\/v2\/media?parent=18105"}],"wp:term":[{"taxonomy":"category","embeddable":true,"href":"https:\/\/qprn.ca\/fr\/wp-json\/wp\/v2\/categories?post=18105"},{"taxonomy":"post_tag","embeddable":true,"href":"https:\/\/qprn.ca\/fr\/wp-json\/wp\/v2\/tags?post=18105"}],"curies":[{"name":"wp","href":"https:\/\/api.w.org\/{rel}","templated":true}]}}