{"id":18091,"date":"2025-05-16T02:05:42","date_gmt":"2025-05-16T06:05:42","guid":{"rendered":"https:\/\/qprn.ca\/?p=18091"},"modified":"2025-12-09T15:02:09","modified_gmt":"2025-12-09T20:02:09","slug":"consortium-quebecois-sur-la-prevention-de-la-douleur-et-la-sante-durable-pour-toutes-et-tous","status":"publish","type":"post","link":"https:\/\/qprn.ca\/fr\/2025\/05\/16\/consortium-quebecois-sur-la-prevention-de-la-douleur-et-la-sante-durable-pour-toutes-et-tous\/","title":{"rendered":"Consortium qu\u00e9b\u00e9cois sur la pr\u00e9vention de la douleur et la sant\u00e9 durable pour toutes et tous"},"content":{"rendered":"\n<h2 class=\"wp-block-heading\">Objectif<\/h2>\n\n\n\n<p>Le pr\u00e9sent Consortium multidisciplinaire aura pour point de mire la pr\u00e9vention de la douleur, ainsi que l\u2019inclusion des populations touch\u00e9es de mani\u00e8re disproportionn\u00e9e par la douleur ou marginalis\u00e9es par leur identit\u00e9 sociale, deux des \u00e9l\u00e9ments qui \u00e0 nos yeux sont centraux pour une sant\u00e9 durable. L\u2019objectif est de favoriser une meilleure prise de conscience et communication entre les acteurs et actrices de changement pour la pr\u00e9vention de la douleur dans une approche inclusive.<br>Le consortium Pr\u00e9vention de la douleur chronique et sant\u00e9 durable pour toutes et tous base ses activit\u00e9s sur la d\u00e9finition suivante de la Sant\u00e9 durable: c\u2019est une \u00ab approche globale alliant la sant\u00e9 physique et psychologique des personnes, avec l\u2019environnement dans lequel elles \u00e9voluent. Elle engage les individus et la collectivit\u00e9 \u00e0 d\u00e9ployer, \u00e0 toutes les \u00e9tapes de la vie, diff\u00e9rentes interventions qui permettront un \u00e9tat optimal de sant\u00e9 pour chaque individu, incluant les populations vuln\u00e9rables et les g\u00e9n\u00e9rations futures. La sant\u00e9 durable vise ainsi le d\u00e9veloppement de strat\u00e9gies de promotion de la sant\u00e9, de pr\u00e9vention des maladies et d\u2019interventions pr\u00e9coces, pour des r\u00e9sultats sanitaires \u00e0 moindre co\u00fbt \u00bb.<\/p>\n\n\n\n<div style=\"height:20px\" aria-hidden=\"true\" class=\"wp-block-spacer\"><\/div>\n\n\n\n<h2 class=\"wp-block-heading\">GOUVERNANCE<\/h2>\n\n\n\n<p>La gouvernance des consortiums se fait \u00e0 trois niveaux :<\/p>\n\n\n\n<p><strong>i. Les responsables du consortium<\/strong> : <a href=\"https:\/\/qprn.ca\/fr\/investigator\/estelle-carde\/\" data-type=\"investigator\" data-id=\"9158\">Estelle Carde<\/a>, chercheuse \u00e0 l\u2019Universit\u00e9 de Montr\u00e9al, <a href=\"https:\/\/qprn.ca\/fr\/investigator\/jason-bouffard\/\" data-type=\"investigator\" data-id=\"1024\">Jason Bouffard<\/a>, chercheur \u00e0 l\u2019Universit\u00e9 Laval, <a href=\"https:\/\/qprn.ca\/fr\/investigator\/amy-doucet\/\" data-type=\"investigator\" data-id=\"14054\">Amy Doucet<\/a>, patiente partenaire, <a href=\"https:\/\/qprn.ca\/fr\/investigator\/maripier-arcand-langlois\/\">Maripier Arcand-Langlois<\/a>, patiente partenaire. Les responsables du consortium sont soutenus par le comit\u00e9 scientifique du RQRD.<\/p>\n\n\n\n<p><strong>ii. Le comit\u00e9 scientifique du RQRD<\/strong><\/p>\n\n\n\n<p><strong>iii. Le grand groupe<\/strong> est compos\u00e9 de personnes repr\u00e9sentantes de la rel\u00e8ve \u00e9tudiante, des personnes issues des milieux de la recherche et de la clinique ainsi que de toute autre personne ayant une expertise pertinente pour ces travaux. Toute personne ayant un int\u00e9r\u00eat dans le domaine de la douleur est encourag\u00e9e \u00e0 participer aux rencontres et activit\u00e9s du consortium. Il est \u00e9galement possible de participer \u00e0 plus d&rsquo;un consortium. Les repr\u00e9sentantes de la communaut\u00e9 \u00e9tudiante sont Jos\u00e9anne Desrosiers\u00a0et\u00a0\u00c9milie Fortin.<\/p>\n\n\n\n<div style=\"height:20px\" aria-hidden=\"true\" class=\"wp-block-spacer\"><\/div>\n\n\n\n<h2 class=\"wp-block-heading\">Avanc\u00e9es<\/h2>\n\n\n\n<ul class=\"wp-block-list\">\n<li><strong>19 janvier 2024<\/strong>, Mont Sainte-Anne. Lancement du nouveau consortium et activit\u00e9 de concertation en grand groupe qui a men\u00e9 au financement du premier projet d\u2019\u00e9quipe. Ce projet porte sur d\u00e9terminants complexes de l\u2019autogestion de la douleur.<\/li>\n\n\n\n<li><strong>14 juin 2024<\/strong>. Appel de projets pour d\u00e9marrer les activit\u00e9s. Trois projets s\u00e9lectionn\u00e9s et financ\u00e9s s\u2019int\u00e9resseront \u00e0 des th\u00e9matiques diverses tel que le jeu s\u00e9rieux pour am\u00e9liorer la r\u00e9cup\u00e9ration apr\u00e8s une intervention chirurgicale, le d\u00e9veloppement d\u2019un outil d\u2019\u00e9ducation \u00e0 la douleur et la valorisation des savoirs exp\u00e9rienciels pour favoriser la sant\u00e9 durable.<\/li>\n\n\n\n<li><strong>1er novembre 2024<\/strong>, Universit\u00e9 de Montr\u00e9al, Montr\u00e9al. Le RQRD a organis\u00e9 les premi\u00e8res rencontres en personne pour l&rsquo;animation de ses consortiums. Les discussions se sont concentr\u00e9es sur les populations sous-repr\u00e9sent\u00e9es en recherche et un projet est n\u00e9. Le financement servira \u00e0 sondera la litt\u00e9rature pour identifier quelles sont les populations sous-repr\u00e9sent\u00e9es en recherche en douleur.<\/li>\n\n\n\n<li><strong>23 octobre 2025<\/strong>, Montr\u00e9al. Rencontre de concertation en grand groupe en personne. <\/li>\n<\/ul>\n\n\n\n<div style=\"height:20px\" aria-hidden=\"true\" class=\"wp-block-spacer\"><\/div>\n\n\n\n<h2 class=\"wp-block-heading\">Projets<\/h2>\n\n\n\n<ul class=\"wp-block-list\">\n<li><strong>Exploring the complex determinants of pain self-management: A Mediation Analysis of pain information &amp; Patient sociodemographic Characteristics<\/strong> (Aline Hajj, Estelle Carde, Timothy Wideman, Jason Bouffard, Sylvie Beaudoin)<\/li>\n\n\n\n<li><strong>En-Qu\u00eate-Sant\u00e9 : D\u00e9veloppement et pilotage d\u2019un jeu s\u00e9rieux num\u00e9rique \u00e0 l\u2019intention de la client\u00e8le de la trajectoire de r\u00e9cup\u00e9ration am\u00e9lior\u00e9e apr\u00e8s la chirurgie et de leurs proches visant \u00e0 optimiser l\u2019enseignement de la gestion de douleur p\u00e9ri-op\u00e9ratoire<\/strong> (\u00c9milie Gosselin, \u00c9milie Paul-Savoie, Hugo Carignan, Assma Grini)<\/li>\n\n\n\n<li><strong>D\u00e9veloppement d\u2019un outil d\u2019\u00e9ducation sur la douleur<\/strong> (Guillaume L\u00e9onard, Anne-Marie-Pinard, Estelle Chamoux, Annie Deshaies, Hassiba Chebbihi, Hassiba Chebbihi, Philippe Sarret, J\u00e9r\u00f4me C\u00f4t\u00e9, Genevi\u00e8ve Beaudoin, Sonia B\u00e9dard)<\/li>\n\n\n\n<li><strong>Valoriser les savoirs exp\u00e9rientiels pour favoriser la sant\u00e9 durable: Cr\u00e9ation participative d\u2019une ressource informationnelle pour les personnes immigrantes vivant avec une douleur chronique<\/strong> (Lise Dassieu, Estelle Carde, Ana\u00efs Lacasse, Jacqueline Schneider)<\/li>\n\n\n\n<li><strong>Revue de la litt\u00e9rature sur l\u2019implication des personnes minoris\u00e9es et marginalis\u00e9es en recherche en douleur<\/strong> (Jason Bouffard, Estelle Carde, Lise Dassieu, Amy Doucet)<\/li>\n<\/ul>\n\n\n\n<div style=\"height:20px\" aria-hidden=\"true\" class=\"wp-block-spacer\"><\/div>\n\n\n\n<h2 class=\"wp-block-heading\">Mobilisation de connaissances<\/h2>\n\n\n\n<ul class=\"wp-block-list\">\n<li>Retraite annuelle 2025 : Mise \u00e0 jour des avanc\u00e9es de l\u2019ann\u00e9e en cours et pr\u00e9sentation des d\u00e9fis et opportunit\u00e9s rencontr\u00e9s<\/li>\n\n\n\n<li><a href=\"https:\/\/qprn.ca\/fr\/2020\/12\/18\/linfolettre-du-rqrd\/\" target=\"_blank\" rel=\"noreferrer noopener\">Infolettre semestrielle 2025<\/a> : Description des grandes avanc\u00e9es des consortiums.<\/li>\n<\/ul>\n\n\n\n<div style=\"height:20px\" aria-hidden=\"true\" class=\"wp-block-spacer\"><\/div>\n\n\n\n<h2 class=\"wp-block-heading\">Publications<\/h2>\n\n\n\n<p>D\u00e9tails \u00e0 venir<\/p>\n\n\n\n<div style=\"height:20px\" aria-hidden=\"true\" class=\"wp-block-spacer\"><\/div>\n\n\n\n<h2 class=\"wp-block-heading\">Partenaires<\/h2>\n\n\n\n<p>Nous remercions nos partenaires leur soutien leur collaboration.<\/p>\n\n\n\n<ul class=\"wp-block-list\">\n<li>Des d\u00e9marches sont en cours pour rencontrer des organismes communautaires.<\/li>\n\n\n\n<li>Repr\u00e9sentation au comit\u00e9 de la Soci\u00e9t\u00e9 canadienne de la douleur sur l\u2019\u00e9quit\u00e9, la diversit\u00e9 et l\u2019inclusion<\/li>\n\n\n\n<li>Repr\u00e9sentation au comit\u00e9 de la Soci\u00e9t\u00e9 canadienne de la douleur sur les communications<\/li>\n\n\n\n<li>Repr\u00e9sentation au comit\u00e9 de la mobilisation des connaissances du Partenariat pour l\u2019engagement des personnes dans la recherche sur la douleur (PEPRD)<\/li>\n<\/ul>\n\n\n\n<div style=\"height:20px\" aria-hidden=\"true\" class=\"wp-block-spacer\"><\/div>\n\n\n\n<h2 class=\"wp-block-heading\">Photos<\/h2>\n\n\n\n<div class=\"wp-block-columns is-layout-flex wp-container-core-columns-is-layout-9d6595d7 wp-block-columns-is-layout-flex\">\n<div class=\"wp-block-column is-layout-flow wp-block-column-is-layout-flow\">\n<figure class=\"wp-block-image size-full\"><img loading=\"lazy\" decoding=\"async\" width=\"453\" height=\"340\" src=\"https:\/\/qprn.ca\/wp-content\/uploads\/2025\/05\/Image6.jpg\" alt=\"\" class=\"wp-image-18094\" title=\"\"><figcaption class=\"wp-element-caption\">Universit\u00e9 de Montr\u00e9al, 1er novembre 2024<\/figcaption><\/figure>\n<\/div>\n\n\n\n<div class=\"wp-block-column is-layout-flow wp-block-column-is-layout-flow\">\n<figure class=\"wp-block-image size-full is-resized\"><img loading=\"lazy\" decoding=\"async\" width=\"700\" height=\"467\" src=\"https:\/\/qprn.ca\/wp-content\/uploads\/2025\/05\/rencontre-sante-durable-2025.png\" alt=\"\" class=\"wp-image-19598\" style=\"width:511px;height:auto\" title=\"\"><figcaption class=\"wp-element-caption\">Centre Jean-Jacques-Gauthier, 23 octobre 2025<\/figcaption><\/figure>\n<\/div>\n<\/div>\n","protected":false},"excerpt":{"rendered":"<p>Objectif Le pr\u00e9sent Consortium multidisciplinaire aura pour point de mire la pr\u00e9vention de la douleur,&#8230;<\/p>\n","protected":false},"author":3,"featured_media":18092,"comment_status":"closed","ping_status":"closed","sticky":false,"template":"","format":"standard","meta":{"_acf_changed":false,"footnotes":""},"categories":[32],"tags":[30],"class_list":["post-18091","post","type-post","status-publish","format-standard","has-post-thumbnail","hentry","category-avancees-scientifiques","tag-articles"],"acf":[],"views":679,"_links":{"self":[{"href":"https:\/\/qprn.ca\/fr\/wp-json\/wp\/v2\/posts\/18091","targetHints":{"allow":["GET"]}}],"collection":[{"href":"https:\/\/qprn.ca\/fr\/wp-json\/wp\/v2\/posts"}],"about":[{"href":"https:\/\/qprn.ca\/fr\/wp-json\/wp\/v2\/types\/post"}],"author":[{"embeddable":true,"href":"https:\/\/qprn.ca\/fr\/wp-json\/wp\/v2\/users\/3"}],"replies":[{"embeddable":true,"href":"https:\/\/qprn.ca\/fr\/wp-json\/wp\/v2\/comments?post=18091"}],"version-history":[{"count":0,"href":"https:\/\/qprn.ca\/fr\/wp-json\/wp\/v2\/posts\/18091\/revisions"}],"wp:featuredmedia":[{"embeddable":true,"href":"https:\/\/qprn.ca\/fr\/wp-json\/wp\/v2\/media\/18092"}],"wp:attachment":[{"href":"https:\/\/qprn.ca\/fr\/wp-json\/wp\/v2\/media?parent=18091"}],"wp:term":[{"taxonomy":"category","embeddable":true,"href":"https:\/\/qprn.ca\/fr\/wp-json\/wp\/v2\/categories?post=18091"},{"taxonomy":"post_tag","embeddable":true,"href":"https:\/\/qprn.ca\/fr\/wp-json\/wp\/v2\/tags?post=18091"}],"curies":[{"name":"wp","href":"https:\/\/api.w.org\/{rel}","templated":true}]}}