{"id":18074,"date":"2025-05-15T21:02:48","date_gmt":"2025-05-16T01:02:48","guid":{"rendered":"https:\/\/qprn.ca\/?p=18074"},"modified":"2025-12-09T14:58:26","modified_gmt":"2025-12-09T19:58:26","slug":"consortium-quebecois-sur-les-therapies-et-les-approches-eco-bio-psycho-sociales","status":"publish","type":"post","link":"https:\/\/qprn.ca\/fr\/2025\/05\/15\/consortium-quebecois-sur-les-therapies-et-les-approches-eco-bio-psycho-sociales\/","title":{"rendered":"Consortium qu\u00e9b\u00e9cois sur les th\u00e9rapies et les approches \u00e9co-bio-psycho-sociales"},"content":{"rendered":"\n<h2 class=\"wp-block-heading\">Objectif<\/h2>\n\n\n\n<p>L\u2019objectif principal de ce Consortium multidisciplinaire est de s\u2019assurer que tous les facteurs impliqu\u00e9s dans l\u2019exp\u00e9rience de la douleur soient pris en compte \u00e0 tous les niveaux de la recherche et de la gestion de celle-ci. L\u2019exp\u00e9rience de la douleur fait notamment r\u00e9f\u00e9rence \u00e0 plusieurs facteurs (spectre de la douleur) li\u00e9s \u00e0 l\u2019environnement, au corps et l\u2019esprit et n\u00e9cessite donc une approche et une gestion holistique.<\/p>\n\n\n\n<div style=\"height:20px\" aria-hidden=\"true\" class=\"wp-block-spacer\"><\/div>\n\n\n\n<h2 class=\"wp-block-heading\">GOUVERNANCE<\/h2>\n\n\n\n<p>La gouvernance des consortiums se fait \u00e0 trois niveaux :<\/p>\n\n\n\n<p><strong>i. Les responsables du consortium<\/strong> : <a href=\"https:\/\/qprn.ca\/fr\/investigator\/audrey-grant\/\" data-type=\"investigator\" data-id=\"1516\" target=\"_blank\" rel=\"noreferrer noopener\">Audrey Grant<\/a>, chercheuse \u00e0 l\u2019Universit\u00e9 McGill, <a href=\"https:\/\/qprn.ca\/fr\/investigator\/caroline-arbour\/\" data-type=\"investigator\" data-id=\"1078\">Caroline Arbour<\/a>, chercheuse \u00e0 l\u2019Universit\u00e9 de Montr\u00e9al, <a href=\"https:\/\/qprn.ca\/fr\/investigator\/sabrina-paquet\/\" data-type=\"investigator\" data-id=\"12105\">Sabrina Paquet<\/a>, patiente partenaire. Les responsables du consortium sont soutenus par le comit\u00e9 scientifique du RQRD.<\/p>\n\n\n\n<p><strong>ii. Le comit\u00e9 scientifique du RQRD \u00a0<\/strong><\/p>\n\n\n\n<p><strong>iii. Le grand groupe<\/strong> est compos\u00e9 de personnes repr\u00e9sentantes de la rel\u00e8ve \u00e9tudiante, des personnes issues des milieux de la recherche et de la clinique ainsi que de toute autre personne ayant une expertise pertinente pour ces travaux. Toute personne ayant un int\u00e9r\u00eat dans le domaine de la douleur est encourag\u00e9e \u00e0 participer aux rencontres et activit\u00e9s du consortium. Il est \u00e9galement possible de participer \u00e0 plus d&rsquo;un consortium. Les repr\u00e9sentantes de la communaut\u00e9 \u00e9tudiante sont Celina D\u2019Avila Felipe\u00a0et\u00a0Fr\u00e9d\u00e9rique Dupuis.<\/p>\n\n\n\n<div style=\"height:20px\" aria-hidden=\"true\" class=\"wp-block-spacer\"><\/div>\n\n\n\n<h2 class=\"wp-block-heading\">Avanc\u00e9es<\/h2>\n\n\n\n<ul class=\"wp-block-list\">\n<li><strong>19 janvier 2024<\/strong>, Mont Sainte-Anne. Lancement du nouveau consortium et activit\u00e9 de concertation en grand groupe qui a men\u00e9 au financement du premier projet d\u2019\u00e9quipe. Ce projet porte sur les facteurs \u00e9cologiques pertinents pour une meilleure pr\u00e9vention et gestion de la douleur chronique.<\/li>\n\n\n\n<li><strong>30 octobre 2024<\/strong>, Universit\u00e9 McGill, Montr\u00e9al. Le RQRD a organis\u00e9 les premi\u00e8res rencontres en personne pour l&rsquo;animation de ses consortiums. L\u2019\u00e9quipe a eu le plaisir d\u2019inviter M. Patrick Desrosiers, math\u00e9maticien, afin d\u2019en apprendre plus sur le concept de r\u00e9seaux complexes. \u00c0 l\u2019issue de cette rencontre, un projet de recherche a \u00e9t\u00e9 mis sur pieds et financ\u00e9 par le RQRD.<\/li>\n\n\n\n<li><strong>24 octobre 2025<\/strong>, H\u00f4pital du Sacr\u00e9-Coeur-de-Montr\u00e9al. Rencontre de concertation en grand groupe en personne. Merci \u00e0 nos deux nouvelles patientes partenaires Kyrie Larcher et Catherine Lemyze d&rsquo;avoir \u00e9t\u00e9 des n\u00f4tres.<\/li>\n<\/ul>\n\n\n\n<h2 class=\"wp-block-heading\">Projets<\/h2>\n\n\n\n<ul class=\"wp-block-list\">\n<li><strong>Mieux comprendre les facteurs \u00e9cologiques pertinents pour une meilleure pr\u00e9vention et gestion de la douleur chronique : une revue de port\u00e9e<\/strong> (Caroline Arbour, Nancy Julien, Ana\u00efs Lacasse)<\/li>\n\n\n\n<li><strong>D\u00e9veloppement d\u2019un r\u00e9seau pour d\u00e9chiffrer les associations et les interactions entre les dimensions \u00e9co-bio-psycho-sociales de la lombalgie chronique<\/strong> (Hugo Mass\u00e9-Alarie, Patrick Desrosiers, Ana\u00efs Lacasse)<\/li>\n<\/ul>\n\n\n\n<div style=\"height:20px\" aria-hidden=\"true\" class=\"wp-block-spacer\"><\/div>\n\n\n\n<h2 class=\"wp-block-heading\">Mobilisation de connaissances<\/h2>\n\n\n\n<ul class=\"wp-block-list\">\n<li>Retraite annuelle 2025 : Mise \u00e0 jour des avanc\u00e9es de l\u2019ann\u00e9e en cours et pr\u00e9sentation des d\u00e9fis et opportunit\u00e9s rencontr\u00e9s<\/li>\n\n\n\n<li><a href=\"https:\/\/qprn.ca\/fr\/2020\/12\/18\/linfolettre-du-rqrd\/\" target=\"_blank\" rel=\"noreferrer noopener\">Infolettre semestrielle 2025<\/a> : Description des grandes avanc\u00e9es des consortiums.<\/li>\n<\/ul>\n\n\n\n<div style=\"height:20px\" aria-hidden=\"true\" class=\"wp-block-spacer\"><\/div>\n\n\n\n<h2 class=\"wp-block-heading\">Publications<\/h2>\n\n\n\n<p>D\u00e9tails \u00e0 venir<\/p>\n\n\n\n<div style=\"height:20px\" aria-hidden=\"true\" class=\"wp-block-spacer\"><\/div>\n\n\n\n<h2 class=\"wp-block-heading\">Partenaires<\/h2>\n\n\n\n<p>D\u00e9tails \u00e0 venir<\/p>\n\n\n\n<h2 class=\"wp-block-heading\">Photos<\/h2>\n\n\n\n<div class=\"wp-block-columns is-layout-flex wp-container-core-columns-is-layout-9d6595d7 wp-block-columns-is-layout-flex\">\n<div class=\"wp-block-column is-layout-flow wp-block-column-is-layout-flow\">\n<figure class=\"wp-block-image size-large\"><img loading=\"lazy\" decoding=\"async\" width=\"1280\" height=\"934\" src=\"https:\/\/qprn.ca\/wp-content\/uploads\/2025\/05\/Image3-1280x934.jpg\" alt=\"\" class=\"wp-image-18077\" title=\"\" srcset=\"https:\/\/qprn.ca\/wp-content\/uploads\/2025\/05\/Image3-1280x934.jpg 1280w, https:\/\/qprn.ca\/wp-content\/uploads\/2025\/05\/Image3-768x560.jpg 768w, https:\/\/qprn.ca\/wp-content\/uploads\/2025\/05\/Image3-1536x1121.jpg 1536w, https:\/\/qprn.ca\/wp-content\/uploads\/2025\/05\/Image3.jpg 1675w\" sizes=\"auto, (max-width: 1280px) 100vw, 1280px\" \/><figcaption class=\"wp-element-caption\">Universit\u00e9 McGill, 30 octobre 2024<\/figcaption><\/figure>\n<\/div>\n\n\n\n<div class=\"wp-block-column is-layout-flow wp-block-column-is-layout-flow\">\n<figure class=\"wp-block-image size-large\"><img loading=\"lazy\" decoding=\"async\" width=\"1291\" height=\"934\" src=\"https:\/\/qprn.ca\/wp-content\/uploads\/2025\/05\/Image4-1291x934.jpg\" alt=\"\" class=\"wp-image-18079\" title=\"\" srcset=\"https:\/\/qprn.ca\/wp-content\/uploads\/2025\/05\/Image4-1291x934.jpg 1291w, https:\/\/qprn.ca\/wp-content\/uploads\/2025\/05\/Image4-768x556.jpg 768w, https:\/\/qprn.ca\/wp-content\/uploads\/2025\/05\/Image4-1536x1111.jpg 1536w, https:\/\/qprn.ca\/wp-content\/uploads\/2025\/05\/Image4.jpg 1620w\" sizes=\"auto, (max-width: 1291px) 100vw, 1291px\" \/><figcaption class=\"wp-element-caption\">Universit\u00e9 McGill, 30 octobre 2024<\/figcaption><\/figure>\n<\/div>\n\n\n\n<div class=\"wp-block-column is-layout-flow wp-block-column-is-layout-flow\">\n<figure class=\"wp-block-image size-large is-resized\"><img loading=\"lazy\" decoding=\"async\" width=\"1246\" height=\"934\" src=\"https:\/\/qprn.ca\/wp-content\/uploads\/2025\/05\/Image5-1246x934.jpg\" alt=\"\" class=\"wp-image-18086\" style=\"width:350px;height:auto\" title=\"\" srcset=\"https:\/\/qprn.ca\/wp-content\/uploads\/2025\/05\/Image5-1246x934.jpg 1246w, https:\/\/qprn.ca\/wp-content\/uploads\/2025\/05\/Image5-768x576.jpg 768w, https:\/\/qprn.ca\/wp-content\/uploads\/2025\/05\/Image5.jpg 1478w\" sizes=\"auto, (max-width: 1246px) 100vw, 1246px\" \/><figcaption class=\"wp-element-caption\">Retraite annuelle 2025 du RQRD<\/figcaption><\/figure>\n<\/div>\n<\/div>\n\n\n\n<div class=\"wp-block-columns is-layout-flex wp-container-core-columns-is-layout-9d6595d7 wp-block-columns-is-layout-flex\">\n<div class=\"wp-block-column is-layout-flow wp-block-column-is-layout-flow\">\n<figure class=\"wp-block-image size-large\"><img loading=\"lazy\" decoding=\"async\" width=\"1245\" height=\"934\" src=\"https:\/\/qprn.ca\/wp-content\/uploads\/2025\/05\/3-1245x934.jpg\" alt=\"\" class=\"wp-image-19615\" title=\"\" srcset=\"https:\/\/qprn.ca\/wp-content\/uploads\/2025\/05\/3-1245x934.jpg 1245w, https:\/\/qprn.ca\/wp-content\/uploads\/2025\/05\/3-768x576.jpg 768w, https:\/\/qprn.ca\/wp-content\/uploads\/2025\/05\/3-1536x1152.jpg 1536w, https:\/\/qprn.ca\/wp-content\/uploads\/2025\/05\/3-2048x1536.jpg 2048w\" sizes=\"auto, (max-width: 1245px) 100vw, 1245px\" \/><figcaption class=\"wp-element-caption\">H\u00f4pital du Sacr\u00e9-Coeur-de-Montr\u00e9al, 24 novembre 2025<\/figcaption><\/figure>\n<\/div>\n\n\n\n<div class=\"wp-block-column is-layout-flow wp-block-column-is-layout-flow\"><\/div>\n\n\n\n<div class=\"wp-block-column is-layout-flow wp-block-column-is-layout-flow\"><\/div>\n<\/div>\n\n\n\n<p><\/p>\n","protected":false},"excerpt":{"rendered":"<p>Objectif L\u2019objectif principal de ce Consortium multidisciplinaire est de s\u2019assurer que tous les facteurs impliqu\u00e9s&#8230;<\/p>\n","protected":false},"author":3,"featured_media":18075,"comment_status":"closed","ping_status":"closed","sticky":false,"template":"","format":"standard","meta":{"_acf_changed":false,"footnotes":""},"categories":[32],"tags":[30],"class_list":["post-18074","post","type-post","status-publish","format-standard","has-post-thumbnail","hentry","category-avancees-scientifiques","tag-articles"],"acf":[],"views":568,"_links":{"self":[{"href":"https:\/\/qprn.ca\/fr\/wp-json\/wp\/v2\/posts\/18074","targetHints":{"allow":["GET"]}}],"collection":[{"href":"https:\/\/qprn.ca\/fr\/wp-json\/wp\/v2\/posts"}],"about":[{"href":"https:\/\/qprn.ca\/fr\/wp-json\/wp\/v2\/types\/post"}],"author":[{"embeddable":true,"href":"https:\/\/qprn.ca\/fr\/wp-json\/wp\/v2\/users\/3"}],"replies":[{"embeddable":true,"href":"https:\/\/qprn.ca\/fr\/wp-json\/wp\/v2\/comments?post=18074"}],"version-history":[{"count":0,"href":"https:\/\/qprn.ca\/fr\/wp-json\/wp\/v2\/posts\/18074\/revisions"}],"wp:featuredmedia":[{"embeddable":true,"href":"https:\/\/qprn.ca\/fr\/wp-json\/wp\/v2\/media\/18075"}],"wp:attachment":[{"href":"https:\/\/qprn.ca\/fr\/wp-json\/wp\/v2\/media?parent=18074"}],"wp:term":[{"taxonomy":"category","embeddable":true,"href":"https:\/\/qprn.ca\/fr\/wp-json\/wp\/v2\/categories?post=18074"},{"taxonomy":"post_tag","embeddable":true,"href":"https:\/\/qprn.ca\/fr\/wp-json\/wp\/v2\/tags?post=18074"}],"curies":[{"name":"wp","href":"https:\/\/api.w.org\/{rel}","templated":true}]}}