{"id":17415,"date":"2025-03-18T12:16:05","date_gmt":"2025-03-18T16:16:05","guid":{"rendered":"https:\/\/qprn.ca\/?p=17415"},"modified":"2025-03-18T12:16:09","modified_gmt":"2025-03-18T16:16:09","slug":"repenser-la-prise-en-charge-de-la-douleur-chronique-limportance-dune-approche-globale","status":"publish","type":"post","link":"https:\/\/qprn.ca\/fr\/2025\/03\/18\/repenser-la-prise-en-charge-de-la-douleur-chronique-limportance-dune-approche-globale\/","title":{"rendered":"Repenser la prise en charge de la douleur chronique : l\u2019importance d\u2019une approche globale"},"content":{"rendered":"\n<p>Une r\u00e9cente revue syst\u00e9matique met en \u00e9vidence que la chirurgie est parfois envisag\u00e9e trop rapidement pour traiter la douleur chronique li\u00e9e \u00e0 la lombalgie, sans une \u00e9valuation approfondie des alternatives ni une prise en compte des s\u00e9quelles potentielles. Anne Marie Pinard, cheffe du service de douleur chronique au CHU de Qu\u00e9bec-Universit\u00e9 Laval et membre du RQRD, insiste sur l\u2019importance d\u2019une approche globale et multidisciplinaire dans la prise en charge des patients.<\/p>\n\n\n\n<p>Dre Pinard met en avant le cloisonnement existant entre les traitements chirurgicaux et non chirurgicaux, alors que des facteurs psychologiques comme l\u2019anxi\u00e9t\u00e9 et la d\u00e9pression jouent un r\u00f4le cl\u00e9 dans l\u2019issue des interventions. Ces \u00e9l\u00e9ments, rarement \u00e9valu\u00e9s avant une chirurgie, devraient pourtant \u00eatre pris en compte d\u00e8s le d\u00e9but du processus d\u00e9cisionnel. La douleur chronique est une condition complexe qui ne se limite pas \u00e0 une atteinte anatomique identifiable. L\u2019\u00e9tude souligne l\u2019importance d\u2019un examen clinique approfondi, plut\u00f4t que de se fier uniquement \u00e0 l\u2019imagerie, qui peut parfois d\u00e9tourner l\u2019attention vers des anomalies non pertinentes. Si la chirurgie demeure n\u00e9cessaire dans certaines urgences, une prise en charge en r\u00e9adaptation pendant au moins un an avant d\u2019envisager une intervention. Cependant, l\u2019acc\u00e8s limit\u00e9 \u00e0 ces soins constitue un frein majeur, ce qui pousse souvent les patients et les m\u00e9decins \u00e0 opter plus rapidement pour une solution chirurgicale.<\/p>\n\n\n\n<p>En favorisant une meilleure \u00e9ducation des patients et des professionnels de sant\u00e9, une approche multimodale et int\u00e9gr\u00e9e permettrait d\u2019am\u00e9liorer la prise en charge de la douleur chronique. Dans ce contexte, seule une minorit\u00e9 de patients n\u00e9cessiterait r\u00e9ellement une chirurgie, tandis qu\u2019un acc\u00e8s facilit\u00e9 \u00e0 la r\u00e9adaptation offrirait des r\u00e9sultats significatifs sans intervention invasive.<\/p>\n\n\n\n<p><strong><a href=\"https:\/\/www.lapresse.ca\/actualites\/sciences\/2025-03-17\/douleur-chronique\/le-recours-a-la-chirurgie-ne-serait-pas-toujours-approprie-selon-une-etude.php\" data-type=\"link\" data-id=\"https:\/\/www.lapresse.ca\/actualites\/sciences\/2025-03-17\/douleur-chronique\/le-recours-a-la-chirurgie-ne-serait-pas-toujours-approprie-selon-une-etude.php\" target=\"_blank\" rel=\"noreferrer noopener\">En savoir plus avec La Presse<\/a><\/strong><\/p>\n\n\n\n<p><strong><a href=\"https:\/\/thejns.org\/spine\/view\/journals\/j-neurosurg-spine\/aop\/article-10.3171-2024.9.SPINE24580\/article-10.3171-2024.9.SPINE24580.xml\" target=\"_blank\" rel=\"noreferrer noopener\">En savoir plus \u00e0 propos de l&rsquo;article discut\u00e9<\/a><\/strong> (payant)<\/p>\n","protected":false},"excerpt":{"rendered":"<p>Une r\u00e9cente revue syst\u00e9matique met en \u00e9vidence que la chirurgie est parfois envisag\u00e9e trop rapidement&#8230;<\/p>\n","protected":false},"author":3,"featured_media":17416,"comment_status":"closed","ping_status":"closed","sticky":false,"template":"","format":"standard","meta":{"_acf_changed":false,"footnotes":""},"categories":[32],"tags":[30],"class_list":["post-17415","post","type-post","status-publish","format-standard","has-post-thumbnail","hentry","category-avancees-scientifiques","tag-articles"],"acf":[],"views":749,"_links":{"self":[{"href":"https:\/\/qprn.ca\/fr\/wp-json\/wp\/v2\/posts\/17415","targetHints":{"allow":["GET"]}}],"collection":[{"href":"https:\/\/qprn.ca\/fr\/wp-json\/wp\/v2\/posts"}],"about":[{"href":"https:\/\/qprn.ca\/fr\/wp-json\/wp\/v2\/types\/post"}],"author":[{"embeddable":true,"href":"https:\/\/qprn.ca\/fr\/wp-json\/wp\/v2\/users\/3"}],"replies":[{"embeddable":true,"href":"https:\/\/qprn.ca\/fr\/wp-json\/wp\/v2\/comments?post=17415"}],"version-history":[{"count":1,"href":"https:\/\/qprn.ca\/fr\/wp-json\/wp\/v2\/posts\/17415\/revisions"}],"predecessor-version":[{"id":21197,"href":"https:\/\/qprn.ca\/fr\/wp-json\/wp\/v2\/posts\/17415\/revisions\/21197"}],"wp:featuredmedia":[{"embeddable":true,"href":"https:\/\/qprn.ca\/fr\/wp-json\/wp\/v2\/media\/17416"}],"wp:attachment":[{"href":"https:\/\/qprn.ca\/fr\/wp-json\/wp\/v2\/media?parent=17415"}],"wp:term":[{"taxonomy":"category","embeddable":true,"href":"https:\/\/qprn.ca\/fr\/wp-json\/wp\/v2\/categories?post=17415"},{"taxonomy":"post_tag","embeddable":true,"href":"https:\/\/qprn.ca\/fr\/wp-json\/wp\/v2\/tags?post=17415"}],"curies":[{"name":"wp","href":"https:\/\/api.w.org\/{rel}","templated":true}]}}