{"id":12014,"date":"2025-07-10T11:21:30","date_gmt":"2025-07-10T15:21:30","guid":{"rendered":"https:\/\/qprn.ca\/?p=12014"},"modified":"2026-03-11T15:07:56","modified_gmt":"2026-03-11T19:07:56","slug":"retraite-2024-du-rqrd","status":"publish","type":"post","link":"https:\/\/qprn.ca\/fr\/2025\/07\/10\/retraite-2024-du-rqrd\/","title":{"rendered":"Retraite 2026 du RQRD"},"content":{"rendered":"\n<p><strong>La 18<sup>\u00e8me<\/sup> retraite du RQRD a eu lieu  18 au 20 janvier 2026 au <a href=\"https:\/\/www.marriott.com\/en-us\/hotels\/yqbdm-delta-hotels-mont-sainte-anne-resort-and-convention-center\/overview\/\" target=\"_blank\" rel=\"noreferrer noopener\">Delta, Mont Sainte-Anne<\/a><\/strong> <\/p>\n\n\n\n<p>Inscription du 6 au 31 octobre 2025. D\u00e9tails <a href=\"https:\/\/event.fourwaves.com\/retraiterqrd2026\/pages\" rel=\"noopener\">ICI<\/a>.<br>Le programme est accessible sur la plateforme d&rsquo;inscription.<\/p>\n\n\n\n<p>Depuis 2007, le RQRD tient son assembl\u00e9e g\u00e9n\u00e9rale annuelle (AGA) pour ses membres (un \u00e9v\u00e9nement de 2 jours dans un emplacement central au Qu\u00e9bec). Cet \u00e9v\u00e9nement est une excellente occasion pour les membres de pr\u00e9senter leur travail, de r\u00e9seauter, de d\u00e9velopper des collaborations productives et d\u2019avoir des mises \u00e0 jour scientifiques d&rsquo;\u00e9minents sp\u00e9cialistes dans le domaine de la recherche sur la douleur. Pour cette occasion, les membres sont invit\u00e9s \u00e0 partager les r\u00e9sultats de laboratoire et les avanc\u00e9es des nouveaux consortiums en activit\u00e9 au R\u00e9seau. Cet \u00e9v\u00e8nement est une tr\u00e8s bonne occasion de pratiquer la communication d&rsquo;id\u00e9es et de concepts scientifiques et de rechercher des collaborations.<\/p>\n\n\n\n<p>Chaque ann\u00e9e, <strong>les membres r\u00e9gulier.e.s, les membres de la communaut\u00e9 \u00e9tudiante, les membres partenaires (incluant les prestataires de soins, les personnes professionnelles de recherche et les personnes patientes partenaires et proches aidantes) se r\u00e9unissent pour discuter des projets de recherche en cours et de leurs avanc\u00e9es ainsi que pour connaitre les avanc\u00e9es des nouveaux consortiums du RQRD<\/strong>. Cet \u00e9v\u00e9nement est \u00e9galement une occasion pour accueillir et int\u00e9grer les nouveaux membres et de renforcer les collaborations existantes ou d&rsquo;en cr\u00e9er de nouvelles ainsi que de faire le point sur les avanc\u00e9es de l&rsquo;ann\u00e9e et les objectifs \u00e0 venir.<\/p>\n\n\n\n<p>Le nombre de places \u00e9tant limit\u00e9, nous vous invitons \u00e0 vous inscrire d\u00e8s que la p\u00e9riode d&rsquo;inscription d\u00e9bute. La priorit\u00e9 sera donn\u00e9e aux membres r\u00e9gulier.e.s et partenaires, ainsi qu&rsquo;aux personnes \u00e9tudiantes. Une participation de 200 $ sera demand\u00e9e aux membres et une participation de 100 $ sera demand\u00e9e aux membres de la communaut\u00e9 \u00e9tudiante. Cinq personnes \u00e9tudiantes par laboratoire pourront s&rsquo;inscrire, dans la limite de 100. Chaque personne \u00e9tudiante doit soumettre un r\u00e9sum\u00e9 dans la section \u00ab\u00a0Soumission\u00a0\u00bb, veuillez noter qu&rsquo;une affiche existante pourra \u00eatre utilis\u00e9e. Comme pour les \u00e9ditions pr\u00e9c\u00e9dentes, les personnes professionnelles de recherche, les prestataires de soins et conjoints ou conjointes des membres r\u00e9gulier.e.s et partenaires sont invit\u00e9.e.s, \u00e0 leurs frais.<\/p>\n\n\n\n<div class=\"wp-block-columns is-layout-flex wp-container-core-columns-is-layout-9d6595d7 wp-block-columns-is-layout-flex\">\n<div class=\"wp-block-column is-layout-flow wp-block-column-is-layout-flow\">\n<figure class=\"wp-block-image size-large\"><img loading=\"lazy\" decoding=\"async\" width=\"934\" height=\"934\" src=\"https:\/\/qprn.ca\/wp-content\/uploads\/2025\/07\/1-934x934.png\" alt=\"\" class=\"wp-image-20635\" title=\"\" srcset=\"https:\/\/qprn.ca\/wp-content\/uploads\/2025\/07\/1-934x934.png 934w, https:\/\/qprn.ca\/wp-content\/uploads\/2025\/07\/1-300x300.png 300w, https:\/\/qprn.ca\/wp-content\/uploads\/2025\/07\/1-768x768.png 768w, https:\/\/qprn.ca\/wp-content\/uploads\/2025\/07\/1.png 1200w\" sizes=\"auto, (max-width: 934px) 100vw, 934px\" \/><figcaption class=\"wp-element-caption\">Retraite 2026 du RQRD<\/figcaption><\/figure>\n<\/div>\n\n\n\n<div class=\"wp-block-column is-layout-flow wp-block-column-is-layout-flow\">\n<figure class=\"wp-block-image size-large\"><img loading=\"lazy\" decoding=\"async\" width=\"1200\" height=\"1200\" src=\"https:\/\/qprn.ca\/wp-content\/uploads\/2025\/07\/4-934x934.png\" alt=\"\" class=\"wp-image-20636\" title=\"\" srcset=\"https:\/\/qprn.ca\/wp-content\/uploads\/2025\/07\/4-934x934.png 934w, https:\/\/qprn.ca\/wp-content\/uploads\/2025\/07\/4-300x300.png 300w, https:\/\/qprn.ca\/wp-content\/uploads\/2025\/07\/4-768x768.png 768w, https:\/\/qprn.ca\/wp-content\/uploads\/2025\/07\/4.png 1200w\" sizes=\"auto, (max-width: 1200px) 100vw, 1200px\" \/><figcaption class=\"wp-element-caption\">Retraite 2026 du RQRD<\/figcaption><\/figure>\n<\/div>\n\n\n\n<div class=\"wp-block-column is-layout-flow wp-block-column-is-layout-flow\">\n<figure class=\"wp-block-image size-large\"><img loading=\"lazy\" decoding=\"async\" width=\"934\" height=\"934\" src=\"https:\/\/qprn.ca\/wp-content\/uploads\/2025\/07\/3-934x934.png\" alt=\"\" class=\"wp-image-20637\" title=\"\" srcset=\"https:\/\/qprn.ca\/wp-content\/uploads\/2025\/07\/3-934x934.png 934w, https:\/\/qprn.ca\/wp-content\/uploads\/2025\/07\/3-300x300.png 300w, https:\/\/qprn.ca\/wp-content\/uploads\/2025\/07\/3-768x768.png 768w, https:\/\/qprn.ca\/wp-content\/uploads\/2025\/07\/3.png 1200w\" sizes=\"auto, (max-width: 934px) 100vw, 934px\" \/><figcaption class=\"wp-element-caption\">Retraite 2026 du RQRD<\/figcaption><\/figure>\n<\/div>\n<\/div>\n\n\n\n<p><\/p>\n","protected":false},"excerpt":{"rendered":"<p>La 18\u00e8me retraite du RQRD a eu lieu 18 au 20 janvier 2026 au Delta,&#8230;<\/p>\n","protected":false},"author":3,"featured_media":18788,"comment_status":"closed","ping_status":"closed","sticky":false,"template":"","format":"standard","meta":{"_acf_changed":false,"footnotes":""},"categories":[29],"tags":[30],"class_list":["post-12014","post","type-post","status-publish","format-standard","has-post-thumbnail","hentry","category-evenements","tag-articles"],"acf":[],"views":3327,"_links":{"self":[{"href":"https:\/\/qprn.ca\/fr\/wp-json\/wp\/v2\/posts\/12014","targetHints":{"allow":["GET"]}}],"collection":[{"href":"https:\/\/qprn.ca\/fr\/wp-json\/wp\/v2\/posts"}],"about":[{"href":"https:\/\/qprn.ca\/fr\/wp-json\/wp\/v2\/types\/post"}],"author":[{"embeddable":true,"href":"https:\/\/qprn.ca\/fr\/wp-json\/wp\/v2\/users\/3"}],"replies":[{"embeddable":true,"href":"https:\/\/qprn.ca\/fr\/wp-json\/wp\/v2\/comments?post=12014"}],"version-history":[{"count":1,"href":"https:\/\/qprn.ca\/fr\/wp-json\/wp\/v2\/posts\/12014\/revisions"}],"predecessor-version":[{"id":20638,"href":"https:\/\/qprn.ca\/fr\/wp-json\/wp\/v2\/posts\/12014\/revisions\/20638"}],"wp:featuredmedia":[{"embeddable":true,"href":"https:\/\/qprn.ca\/fr\/wp-json\/wp\/v2\/media\/18788"}],"wp:attachment":[{"href":"https:\/\/qprn.ca\/fr\/wp-json\/wp\/v2\/media?parent=12014"}],"wp:term":[{"taxonomy":"category","embeddable":true,"href":"https:\/\/qprn.ca\/fr\/wp-json\/wp\/v2\/categories?post=12014"},{"taxonomy":"post_tag","embeddable":true,"href":"https:\/\/qprn.ca\/fr\/wp-json\/wp\/v2\/tags?post=12014"}],"curies":[{"name":"wp","href":"https:\/\/api.w.org\/{rel}","templated":true}]}}